{"id":2142,"date":"2012-07-08T13:14:07","date_gmt":"2012-07-08T11:14:07","guid":{"rendered":"https:\/\/nonpeutetreproductions.com\/non-classifiee\/schatzritter-the-secret-of-melusina\/"},"modified":"2024-05-25T14:49:59","modified_gmt":"2024-05-25T12:49:59","slug":"schatzritter-the-secret-of-melusina","status":"publish","type":"post","link":"https:\/\/nonpeutetreproductions.com\/en\/filmography\/schatzritter-the-secret-of-melusina\/","title":{"rendered":"Schatzritter, The Secret of Melusina"},"content":{"rendered":"<p>[et_pb_section fb_built=&#8221;1&#8243; custom_padding_last_edited=&#8221;on|tablet&#8221; _builder_version=&#8221;4.24.3&#8243; _module_preset=&#8221;default&#8221; custom_padding=&#8221;60px||80px||false|false&#8221; custom_padding_tablet=&#8221;40px||||false|false&#8221; custom_padding_phone=&#8221;40px||||false|false&#8221; global_colors_info=&#8221;{}&#8221; use_background_color_gradient=&#8221;on&#8221; background_color_gradient_stops=&#8221;#0063b2 0%|#4080d3 100%&#8221;][et_pb_row custom_padding_last_edited=&#8221;on|tablet&#8221; _builder_version=&#8221;4.24.3&#8243; _module_preset=&#8221;default&#8221; custom_padding_tablet=&#8221;0px||||false|false&#8221; custom_padding_phone=&#8221;0px||||false|false&#8221; global_colors_info=&#8221;{}&#8221;][et_pb_column type=&#8221;4_4&#8243; _builder_version=&#8221;4.24.0&#8243; _module_preset=&#8221;default&#8221; global_colors_info=&#8221;{}&#8221;][et_pb_post_title meta=&#8221;off&#8221; featured_image=&#8221;off&#8221; _builder_version=&#8221;4.24.3&#8243; _module_preset=&#8221;default&#8221; title_font=&#8221;||||||||&#8221; title_text_align=&#8221;center&#8221; title_text_color=&#8221;#FDFFFC&#8221; title_font_size=&#8221;63px&#8221; title_font_size_tablet=&#8221;63px&#8221; title_font_size_phone=&#8221;45px&#8221; title_font_size_last_edited=&#8221;on|phone&#8221; title_line_height_tablet=&#8221;&#8221; title_line_height_phone=&#8221;&#8221; title_line_height_last_edited=&#8221;on|phone&#8221; global_colors_info=&#8221;{}&#8221;][\/et_pb_post_title][\/et_pb_column][\/et_pb_row][et_pb_row column_structure=&#8221;1_2,1_2&#8243; use_custom_gutter=&#8221;on&#8221; custom_padding_last_edited=&#8221;on|tablet&#8221; _builder_version=&#8221;4.24.3&#8243; _module_preset=&#8221;default&#8221; custom_padding=&#8221;60px||||false|false&#8221; custom_padding_tablet=&#8221;0px||||false|false&#8221; custom_padding_phone=&#8221;0px||||false|false&#8221; global_colors_info=&#8221;{}&#8221;][et_pb_column type=&#8221;1_2&#8243; _builder_version=&#8221;4.24.3&#8243; _module_preset=&#8221;default&#8221; global_colors_info=&#8221;{}&#8221;][et_pb_post_title title=&#8221;off&#8221; meta=&#8221;off&#8221; force_fullwidth=&#8221;off&#8221; image_width=&#8221;63%&#8221; admin_label=&#8221;Titre du poste (Image)&#8221; _builder_version=&#8221;4.24.3&#8243; _module_preset=&#8221;default&#8221; global_colors_info=&#8221;{}&#8221;][\/et_pb_post_title][\/et_pb_column][et_pb_column type=&#8221;1_2&#8243; _builder_version=&#8221;4.24.3&#8243; _module_preset=&#8221;default&#8221; global_colors_info=&#8221;{}&#8221;][et_pb_text module_id=&#8221;article-text&#8221; _builder_version=&#8221;4.25.0&#8243; _module_preset=&#8221;default&#8221; text_font=&#8221;|300|||||||&#8221; text_text_color=&#8221;#FDFFFC&#8221; header_2_font=&#8221;||||||||&#8221; header_2_text_color=&#8221;#FDFFFC&#8221; header_2_font_size=&#8221;30px&#8221; header_3_font=&#8221;|600|||||||&#8221; header_3_text_color=&#8221;#FDFFFC&#8221; custom_padding_tablet=&#8221;40px||||false|false&#8221; custom_padding_phone=&#8221;40px||||false|false&#8221; custom_padding_last_edited=&#8221;on|tablet&#8221; text_line_height_tablet=&#8221;&#8221; text_line_height_phone=&#8221;1.3em&#8221; text_line_height_last_edited=&#8221;on|phone&#8221; header_2_font_size_tablet=&#8221;30px&#8221; header_2_font_size_phone=&#8221;28px&#8221; header_2_font_size_last_edited=&#8221;on|phone&#8221; global_colors_info=&#8221;{}&#8221;]<\/p>\n<h2>A Laura SCHROEDER film<\/h2>\n<h3>With :<\/h3>\n<p>Anton Glas, Lana Welter, Thierry Kodo, Tun Schon, Alexandra Neldel<\/p>\n<h3>Storyline :<\/h3>\n<p>Since the mysterious death of his mother seven years ago, Jeff, an 11-year-old boy, has lived with his father on their campsite, right next to an old ruined castle belonging to his family. During the summer holidays, Jeff meets up with his three best friends and sets off with them on the trail of the fairy Melusine&#8217;s legendary treasure.<\/p>\n<p>According to legend, the mermaid M\u00e9lusine appears every seven years for one week. During this period, it is possible to find this treasure. So Jeff and his friends, who are spending the summer at the campsite, set off in search of him, taking in the cathedrals, museums, rivers, forests and castles of the Grand Duchy. But they realise that they are not the only ones looking for her, and that they must confront the Duke of Barry, a magician&#8230;<\/p>\n<h3>Scenario :<\/h3>\n<p>Jean-Claude Van Rijckeghem<\/p>\n<h3>Production :<\/h3>\n<p>A Private View, Les Films de la Croisade, Lucil Film, NEOS Film GmbH &amp; Co.KG, Bavaria Film<\/p>\n<h3>Release date :<\/h3>\n<p>2012<\/p>\n<h3>Nationality :<\/h3>\n<p>France, Belgium, Luxemourg, Germany<\/p>\n<h3>Type of movie :<\/h3>\n<p>Feature film<\/p>\n<p>[\/et_pb_text][\/et_pb_column][\/et_pb_row][et_pb_row custom_padding_last_edited=&#8221;on|tablet&#8221; _builder_version=&#8221;4.24.3&#8243; _module_preset=&#8221;default&#8221; width=&#8221;60%&#8221; width_tablet=&#8221;80%&#8221; width_phone=&#8221;80%&#8221; width_last_edited=&#8221;on|tablet&#8221; module_alignment=&#8221;center&#8221; custom_padding=&#8221;80px||||false|false&#8221; custom_padding_tablet=&#8221;10px||||false|false&#8221; custom_padding_phone=&#8221;0px||||false|false&#8221; global_colors_info=&#8221;{}&#8221;][et_pb_column type=&#8221;4_4&#8243; _builder_version=&#8221;4.24.3&#8243; _module_preset=&#8221;default&#8221; global_colors_info=&#8221;{}&#8221;][et_pb_video src=&#8221;https:\/\/youtu.be\/1_qJ5oZbKxI?si=avwVjkJhqgTmwwu9&#8243; _builder_version=&#8221;4.24.3&#8243; _module_preset=&#8221;default&#8221; global_colors_info=&#8221;{}&#8221;][\/et_pb_video][\/et_pb_column][\/et_pb_row][et_pb_row custom_padding_last_edited=&#8221;on|tablet&#8221; _builder_version=&#8221;4.24.3&#8243; _module_preset=&#8221;default&#8221; custom_margin=&#8221;||||false|false&#8221; custom_padding=&#8221;80px||||false|false&#8221; custom_padding_tablet=&#8221;20px||||false|false&#8221; custom_padding_phone=&#8221;10px||||false|false&#8221; global_colors_info=&#8221;{}&#8221;][et_pb_column type=&#8221;4_4&#8243; _builder_version=&#8221;4.24.3&#8243; _module_preset=&#8221;default&#8221; global_colors_info=&#8221;{}&#8221;][et_pb_gallery gallery_ids=&#8221;1223,1224,1225,1226&#8243; gallery_orderby=&#8221;rand&#8221; posts_number=&#8221;15&#8243; show_title_and_caption=&#8221;off&#8221; zoom_icon_color=&#8221;#FDFFFC&#8221; hover_overlay_color=&#8221;rgba(2,1,0,0.52)&#8221; _builder_version=&#8221;4.24.3&#8243; _module_preset=&#8221;default&#8221; border_width_all_image=&#8221;5px&#8221; border_color_all_image=&#8221;RGBA(255,255,255,0)&#8221; border_width_all_image_tablet=&#8221;5px&#8221; border_width_all_image_phone=&#8221;0px&#8221; border_width_all_image_last_edited=&#8221;on|phone&#8221; border_width_bottom_image_tablet=&#8221;&#8221; border_width_bottom_image_phone=&#8221;10px&#8221; border_width_bottom_image_last_edited=&#8221;on|phone&#8221; global_colors_info=&#8221;{}&#8221;][\/et_pb_gallery][\/et_pb_column][\/et_pb_row][et_pb_row column_structure=&#8221;1_3,1_3,1_3&#8243; custom_padding_last_edited=&#8221;on|tablet&#8221; _builder_version=&#8221;4.24.3&#8243; _module_preset=&#8221;default&#8221; custom_padding=&#8221;80px||||false|false&#8221; custom_padding_tablet=&#8221;20px||||false|false&#8221; custom_padding_phone=&#8221;0px||||false|false&#8221; global_colors_info=&#8221;{}&#8221;][et_pb_column type=&#8221;1_3&#8243; _builder_version=&#8221;4.24.3&#8243; _module_preset=&#8221;default&#8221; global_colors_info=&#8221;{}&#8221;][et_pb_image src=&#8221;https:\/\/nonpeutetreproductions.com\/wp-content\/uploads\/2024\/04\/logo_IMDb.png&#8221; alt=&#8221;Logo IMDb&#8221; title_text=&#8221;Logo IMDb&#8221; url=&#8221;http:\/\/www.imdb.com\/title\/tt1935221\/?ref_=nm_flmg_msc_1&#8243; url_new_window=&#8221;on&#8221; _builder_version=&#8221;4.24.3&#8243; _module_preset=&#8221;default&#8221; global_colors_info=&#8221;{}&#8221; transform_styles__hover_enabled=&#8221;on|hover&#8221; transform_scale__hover_enabled=&#8221;on|desktop&#8221; transform_translate__hover=&#8221;0px|-7px&#8221; transform_translate__hover_enabled=&#8221;on|hover&#8221; transform_rotate__hover_enabled=&#8221;on|desktop&#8221; transform_skew__hover_enabled=&#8221;on|desktop&#8221; transform_origin__hover_enabled=&#8221;on|desktop&#8221;][\/et_pb_image][\/et_pb_column][et_pb_column type=&#8221;1_3&#8243; _builder_version=&#8221;4.24.3&#8243; _module_preset=&#8221;default&#8221; global_colors_info=&#8221;{}&#8221;][\/et_pb_column][et_pb_column type=&#8221;1_3&#8243; _builder_version=&#8221;4.24.3&#8243; _module_preset=&#8221;default&#8221; global_colors_info=&#8221;{}&#8221;][\/et_pb_column][\/et_pb_row][\/et_pb_section]<\/p>\n","protected":false},"excerpt":{"rendered":"<p>A Laura SCHROEDER film With : Anton Glas, Lana Welter, Thierry Kodo, Tun Schon, Alexandra Neldel Storyline : Since the mysterious death of his mother seven years ago, Jeff, an 11-year-old boy, has lived with his father on their campsite, right next to an old ruined castle belonging to his family. During the summer holidays, [&hellip;]<\/p>\n","protected":false},"author":1,"featured_media":1920,"comment_status":"closed","ping_status":"closed","sticky":false,"template":"","format":"standard","meta":{"_et_pb_use_builder":"on","_et_pb_old_content":"","_et_gb_content_width":"","footnotes":""},"categories":[20,25],"tags":[],"class_list":["post-2142","post","type-post","status-publish","format-standard","has-post-thumbnail","hentry","category-filmography","category-location-scout"],"yoast_head":"<!-- This site is optimized with the Yoast SEO plugin v27.5 - https:\/\/yoast.com\/product\/yoast-seo-wordpress\/ -->\n<title>Schatzritter, The Secret of Melusina - Non Peut-\u00catre Productions - Marc Dalmans<\/title>\n<meta name=\"description\" content=\"Schatzritter, The Secret of Melusina, A Laura Schroeder film. With : Anton Glas, Lana Welter, Thierry Kodo, Tun Schon, Alexandra Neldel\" \/>\n<meta name=\"robots\" content=\"index, follow, max-snippet:-1, max-image-preview:large, max-video-preview:-1\" \/>\n<link rel=\"canonical\" href=\"https:\/\/nonpeutetreproductions.com\/en\/filmography\/schatzritter-the-secret-of-melusina\/\" \/>\n<meta property=\"og:locale\" content=\"en_US\" \/>\n<meta property=\"og:type\" content=\"article\" \/>\n<meta property=\"og:title\" content=\"Schatzritter, The Secret of Melusina - Non Peut-\u00catre Productions - Marc Dalmans\" \/>\n<meta property=\"og:description\" content=\"Schatzritter, The Secret of Melusina, A Laura Schroeder film. With : Anton Glas, Lana Welter, Thierry Kodo, Tun Schon, Alexandra Neldel\" \/>\n<meta property=\"og:url\" content=\"https:\/\/nonpeutetreproductions.com\/en\/filmography\/schatzritter-the-secret-of-melusina\/\" \/>\n<meta property=\"og:site_name\" content=\"Non Peut-\u00catre Productions - Marc Dalmans\" \/>\n<meta property=\"article:published_time\" content=\"2012-07-08T11:14:07+00:00\" \/>\n<meta property=\"article:modified_time\" content=\"2024-05-25T12:49:59+00:00\" \/>\n<meta property=\"og:image\" content=\"https:\/\/nonpeutetreproductions.com\/wp-content\/uploads\/2024\/04\/affiche-Schatzritter.jpg\" \/>\n\t<meta property=\"og:image:width\" content=\"900\" \/>\n\t<meta property=\"og:image:height\" content=\"1200\" \/>\n\t<meta property=\"og:image:type\" content=\"image\/jpeg\" \/>\n<meta name=\"author\" content=\"Jean-Marc\" \/>\n<meta name=\"twitter:card\" content=\"summary_large_image\" \/>\n<meta name=\"twitter:label1\" content=\"Written by\" \/>\n\t<meta name=\"twitter:data1\" content=\"Jean-Marc\" \/>\n\t<meta name=\"twitter:label2\" content=\"Est. reading time\" \/>\n\t<meta name=\"twitter:data2\" content=\"3 minutes\" \/>\n<script type=\"application\/ld+json\" class=\"yoast-schema-graph\">{\"@context\":\"https:\\\/\\\/schema.org\",\"@graph\":[{\"@type\":\"Article\",\"@id\":\"https:\\\/\\\/nonpeutetreproductions.com\\\/en\\\/filmography\\\/schatzritter-the-secret-of-melusina\\\/#article\",\"isPartOf\":{\"@id\":\"https:\\\/\\\/nonpeutetreproductions.com\\\/en\\\/filmography\\\/schatzritter-the-secret-of-melusina\\\/\"},\"author\":{\"name\":\"Jean-Marc\",\"@id\":\"https:\\\/\\\/nonpeutetreproductions.com\\\/en\\\/#\\\/schema\\\/person\\\/e6f47723a6dd0564e8659e10a3508d9d\"},\"headline\":\"Schatzritter, The Secret of Melusina\",\"datePublished\":\"2012-07-08T11:14:07+00:00\",\"dateModified\":\"2024-05-25T12:49:59+00:00\",\"mainEntityOfPage\":{\"@id\":\"https:\\\/\\\/nonpeutetreproductions.com\\\/en\\\/filmography\\\/schatzritter-the-secret-of-melusina\\\/\"},\"wordCount\":952,\"publisher\":{\"@id\":\"https:\\\/\\\/nonpeutetreproductions.com\\\/en\\\/#organization\"},\"image\":{\"@id\":\"https:\\\/\\\/nonpeutetreproductions.com\\\/en\\\/filmography\\\/schatzritter-the-secret-of-melusina\\\/#primaryimage\"},\"thumbnailUrl\":\"https:\\\/\\\/nonpeutetreproductions.com\\\/wp-content\\\/uploads\\\/2024\\\/04\\\/affiche-Schatzritter.jpg\",\"articleSection\":[\"Filmography\",\"Location scout\"],\"inLanguage\":\"en-US\"},{\"@type\":\"WebPage\",\"@id\":\"https:\\\/\\\/nonpeutetreproductions.com\\\/en\\\/filmography\\\/schatzritter-the-secret-of-melusina\\\/\",\"url\":\"https:\\\/\\\/nonpeutetreproductions.com\\\/en\\\/filmography\\\/schatzritter-the-secret-of-melusina\\\/\",\"name\":\"Schatzritter, The Secret of Melusina - Non Peut-\u00catre Productions - Marc Dalmans\",\"isPartOf\":{\"@id\":\"https:\\\/\\\/nonpeutetreproductions.com\\\/en\\\/#website\"},\"primaryImageOfPage\":{\"@id\":\"https:\\\/\\\/nonpeutetreproductions.com\\\/en\\\/filmography\\\/schatzritter-the-secret-of-melusina\\\/#primaryimage\"},\"image\":{\"@id\":\"https:\\\/\\\/nonpeutetreproductions.com\\\/en\\\/filmography\\\/schatzritter-the-secret-of-melusina\\\/#primaryimage\"},\"thumbnailUrl\":\"https:\\\/\\\/nonpeutetreproductions.com\\\/wp-content\\\/uploads\\\/2024\\\/04\\\/affiche-Schatzritter.jpg\",\"datePublished\":\"2012-07-08T11:14:07+00:00\",\"dateModified\":\"2024-05-25T12:49:59+00:00\",\"description\":\"Schatzritter, The Secret of Melusina, A Laura Schroeder film. With : Anton Glas, Lana Welter, Thierry Kodo, Tun Schon, Alexandra Neldel\",\"breadcrumb\":{\"@id\":\"https:\\\/\\\/nonpeutetreproductions.com\\\/en\\\/filmography\\\/schatzritter-the-secret-of-melusina\\\/#breadcrumb\"},\"inLanguage\":\"en-US\",\"potentialAction\":[{\"@type\":\"ReadAction\",\"target\":[\"https:\\\/\\\/nonpeutetreproductions.com\\\/en\\\/filmography\\\/schatzritter-the-secret-of-melusina\\\/\"]}]},{\"@type\":\"ImageObject\",\"inLanguage\":\"en-US\",\"@id\":\"https:\\\/\\\/nonpeutetreproductions.com\\\/en\\\/filmography\\\/schatzritter-the-secret-of-melusina\\\/#primaryimage\",\"url\":\"https:\\\/\\\/nonpeutetreproductions.com\\\/wp-content\\\/uploads\\\/2024\\\/04\\\/affiche-Schatzritter.jpg\",\"contentUrl\":\"https:\\\/\\\/nonpeutetreproductions.com\\\/wp-content\\\/uploads\\\/2024\\\/04\\\/affiche-Schatzritter.jpg\",\"width\":900,\"height\":1200},{\"@type\":\"BreadcrumbList\",\"@id\":\"https:\\\/\\\/nonpeutetreproductions.com\\\/en\\\/filmography\\\/schatzritter-the-secret-of-melusina\\\/#breadcrumb\",\"itemListElement\":[{\"@type\":\"ListItem\",\"position\":1,\"name\":\"Accueil\",\"item\":\"https:\\\/\\\/nonpeutetreproductions.com\\\/en\\\/\"},{\"@type\":\"ListItem\",\"position\":2,\"name\":\"Schatzritter, The Secret of Melusina\"}]},{\"@type\":\"WebSite\",\"@id\":\"https:\\\/\\\/nonpeutetreproductions.com\\\/en\\\/#website\",\"url\":\"https:\\\/\\\/nonpeutetreproductions.com\\\/en\\\/\",\"name\":\"Non Peut-\u00catre Productions - Marc Dalmans\",\"description\":\"Directeur de production, R\u00e9gisseur g\u00e9n\u00e9ral, Producteur ex\u00e9cutif, R\u00e9alisateur\",\"publisher\":{\"@id\":\"https:\\\/\\\/nonpeutetreproductions.com\\\/en\\\/#organization\"},\"alternateName\":\"Marc Dalmans, directeur de production, r\u00e9gisseur g\u00e9n\u00e9ral, producteur ex\u00e9cutif, r\u00e9alisateur\",\"potentialAction\":[{\"@type\":\"SearchAction\",\"target\":{\"@type\":\"EntryPoint\",\"urlTemplate\":\"https:\\\/\\\/nonpeutetreproductions.com\\\/en\\\/?s={search_term_string}\"},\"query-input\":{\"@type\":\"PropertyValueSpecification\",\"valueRequired\":true,\"valueName\":\"search_term_string\"}}],\"inLanguage\":\"en-US\"},{\"@type\":\"Organization\",\"@id\":\"https:\\\/\\\/nonpeutetreproductions.com\\\/en\\\/#organization\",\"name\":\"Non Peut-\u00catre Productions - Marc Dalmans\",\"url\":\"https:\\\/\\\/nonpeutetreproductions.com\\\/en\\\/\",\"logo\":{\"@type\":\"ImageObject\",\"inLanguage\":\"en-US\",\"@id\":\"https:\\\/\\\/nonpeutetreproductions.com\\\/en\\\/#\\\/schema\\\/logo\\\/image\\\/\",\"url\":\"https:\\\/\\\/nonpeutetreproductions.com\\\/wp-content\\\/uploads\\\/2024\\\/04\\\/favicon.jpg\",\"contentUrl\":\"https:\\\/\\\/nonpeutetreproductions.com\\\/wp-content\\\/uploads\\\/2024\\\/04\\\/favicon.jpg\",\"width\":512,\"height\":512,\"caption\":\"Non Peut-\u00catre Productions - Marc Dalmans\"},\"image\":{\"@id\":\"https:\\\/\\\/nonpeutetreproductions.com\\\/en\\\/#\\\/schema\\\/logo\\\/image\\\/\"}},{\"@type\":\"Person\",\"@id\":\"https:\\\/\\\/nonpeutetreproductions.com\\\/en\\\/#\\\/schema\\\/person\\\/e6f47723a6dd0564e8659e10a3508d9d\",\"name\":\"Jean-Marc\",\"image\":{\"@type\":\"ImageObject\",\"inLanguage\":\"en-US\",\"@id\":\"https:\\\/\\\/secure.gravatar.com\\\/avatar\\\/5a89228fd282eb9ee33a60b4ff06f9c31751866f1fb91ca56263af0968354113?s=96&d=mm&r=g\",\"url\":\"https:\\\/\\\/secure.gravatar.com\\\/avatar\\\/5a89228fd282eb9ee33a60b4ff06f9c31751866f1fb91ca56263af0968354113?s=96&d=mm&r=g\",\"contentUrl\":\"https:\\\/\\\/secure.gravatar.com\\\/avatar\\\/5a89228fd282eb9ee33a60b4ff06f9c31751866f1fb91ca56263af0968354113?s=96&d=mm&r=g\",\"caption\":\"Jean-Marc\"},\"sameAs\":[\"https:\\\/\\\/nonpeutetreproductions.com\"],\"url\":\"https:\\\/\\\/nonpeutetreproductions.com\\\/en\\\/author\\\/jean-marc\\\/\"}]}<\/script>\n<!-- \/ Yoast SEO plugin. -->","yoast_head_json":{"title":"Schatzritter, The Secret of Melusina - Non Peut-\u00catre Productions - Marc Dalmans","description":"Schatzritter, The Secret of Melusina, A Laura Schroeder film. With : Anton Glas, Lana Welter, Thierry Kodo, Tun Schon, Alexandra Neldel","robots":{"index":"index","follow":"follow","max-snippet":"max-snippet:-1","max-image-preview":"max-image-preview:large","max-video-preview":"max-video-preview:-1"},"canonical":"https:\/\/nonpeutetreproductions.com\/en\/filmography\/schatzritter-the-secret-of-melusina\/","og_locale":"en_US","og_type":"article","og_title":"Schatzritter, The Secret of Melusina - Non Peut-\u00catre Productions - Marc Dalmans","og_description":"Schatzritter, The Secret of Melusina, A Laura Schroeder film. With : Anton Glas, Lana Welter, Thierry Kodo, Tun Schon, Alexandra Neldel","og_url":"https:\/\/nonpeutetreproductions.com\/en\/filmography\/schatzritter-the-secret-of-melusina\/","og_site_name":"Non Peut-\u00catre Productions - Marc Dalmans","article_published_time":"2012-07-08T11:14:07+00:00","article_modified_time":"2024-05-25T12:49:59+00:00","og_image":[{"width":900,"height":1200,"url":"https:\/\/nonpeutetreproductions.com\/wp-content\/uploads\/2024\/04\/affiche-Schatzritter.jpg","type":"image\/jpeg"}],"author":"Jean-Marc","twitter_card":"summary_large_image","twitter_misc":{"Written by":"Jean-Marc","Est. reading time":"3 minutes"},"schema":{"@context":"https:\/\/schema.org","@graph":[{"@type":"Article","@id":"https:\/\/nonpeutetreproductions.com\/en\/filmography\/schatzritter-the-secret-of-melusina\/#article","isPartOf":{"@id":"https:\/\/nonpeutetreproductions.com\/en\/filmography\/schatzritter-the-secret-of-melusina\/"},"author":{"name":"Jean-Marc","@id":"https:\/\/nonpeutetreproductions.com\/en\/#\/schema\/person\/e6f47723a6dd0564e8659e10a3508d9d"},"headline":"Schatzritter, The Secret of Melusina","datePublished":"2012-07-08T11:14:07+00:00","dateModified":"2024-05-25T12:49:59+00:00","mainEntityOfPage":{"@id":"https:\/\/nonpeutetreproductions.com\/en\/filmography\/schatzritter-the-secret-of-melusina\/"},"wordCount":952,"publisher":{"@id":"https:\/\/nonpeutetreproductions.com\/en\/#organization"},"image":{"@id":"https:\/\/nonpeutetreproductions.com\/en\/filmography\/schatzritter-the-secret-of-melusina\/#primaryimage"},"thumbnailUrl":"https:\/\/nonpeutetreproductions.com\/wp-content\/uploads\/2024\/04\/affiche-Schatzritter.jpg","articleSection":["Filmography","Location scout"],"inLanguage":"en-US"},{"@type":"WebPage","@id":"https:\/\/nonpeutetreproductions.com\/en\/filmography\/schatzritter-the-secret-of-melusina\/","url":"https:\/\/nonpeutetreproductions.com\/en\/filmography\/schatzritter-the-secret-of-melusina\/","name":"Schatzritter, The Secret of Melusina - Non Peut-\u00catre Productions - Marc Dalmans","isPartOf":{"@id":"https:\/\/nonpeutetreproductions.com\/en\/#website"},"primaryImageOfPage":{"@id":"https:\/\/nonpeutetreproductions.com\/en\/filmography\/schatzritter-the-secret-of-melusina\/#primaryimage"},"image":{"@id":"https:\/\/nonpeutetreproductions.com\/en\/filmography\/schatzritter-the-secret-of-melusina\/#primaryimage"},"thumbnailUrl":"https:\/\/nonpeutetreproductions.com\/wp-content\/uploads\/2024\/04\/affiche-Schatzritter.jpg","datePublished":"2012-07-08T11:14:07+00:00","dateModified":"2024-05-25T12:49:59+00:00","description":"Schatzritter, The Secret of Melusina, A Laura Schroeder film. With : Anton Glas, Lana Welter, Thierry Kodo, Tun Schon, Alexandra Neldel","breadcrumb":{"@id":"https:\/\/nonpeutetreproductions.com\/en\/filmography\/schatzritter-the-secret-of-melusina\/#breadcrumb"},"inLanguage":"en-US","potentialAction":[{"@type":"ReadAction","target":["https:\/\/nonpeutetreproductions.com\/en\/filmography\/schatzritter-the-secret-of-melusina\/"]}]},{"@type":"ImageObject","inLanguage":"en-US","@id":"https:\/\/nonpeutetreproductions.com\/en\/filmography\/schatzritter-the-secret-of-melusina\/#primaryimage","url":"https:\/\/nonpeutetreproductions.com\/wp-content\/uploads\/2024\/04\/affiche-Schatzritter.jpg","contentUrl":"https:\/\/nonpeutetreproductions.com\/wp-content\/uploads\/2024\/04\/affiche-Schatzritter.jpg","width":900,"height":1200},{"@type":"BreadcrumbList","@id":"https:\/\/nonpeutetreproductions.com\/en\/filmography\/schatzritter-the-secret-of-melusina\/#breadcrumb","itemListElement":[{"@type":"ListItem","position":1,"name":"Accueil","item":"https:\/\/nonpeutetreproductions.com\/en\/"},{"@type":"ListItem","position":2,"name":"Schatzritter, The Secret of Melusina"}]},{"@type":"WebSite","@id":"https:\/\/nonpeutetreproductions.com\/en\/#website","url":"https:\/\/nonpeutetreproductions.com\/en\/","name":"Non Peut-\u00catre Productions - Marc Dalmans","description":"Directeur de production, R\u00e9gisseur g\u00e9n\u00e9ral, Producteur ex\u00e9cutif, R\u00e9alisateur","publisher":{"@id":"https:\/\/nonpeutetreproductions.com\/en\/#organization"},"alternateName":"Marc Dalmans, directeur de production, r\u00e9gisseur g\u00e9n\u00e9ral, producteur ex\u00e9cutif, r\u00e9alisateur","potentialAction":[{"@type":"SearchAction","target":{"@type":"EntryPoint","urlTemplate":"https:\/\/nonpeutetreproductions.com\/en\/?s={search_term_string}"},"query-input":{"@type":"PropertyValueSpecification","valueRequired":true,"valueName":"search_term_string"}}],"inLanguage":"en-US"},{"@type":"Organization","@id":"https:\/\/nonpeutetreproductions.com\/en\/#organization","name":"Non Peut-\u00catre Productions - Marc Dalmans","url":"https:\/\/nonpeutetreproductions.com\/en\/","logo":{"@type":"ImageObject","inLanguage":"en-US","@id":"https:\/\/nonpeutetreproductions.com\/en\/#\/schema\/logo\/image\/","url":"https:\/\/nonpeutetreproductions.com\/wp-content\/uploads\/2024\/04\/favicon.jpg","contentUrl":"https:\/\/nonpeutetreproductions.com\/wp-content\/uploads\/2024\/04\/favicon.jpg","width":512,"height":512,"caption":"Non Peut-\u00catre Productions - Marc Dalmans"},"image":{"@id":"https:\/\/nonpeutetreproductions.com\/en\/#\/schema\/logo\/image\/"}},{"@type":"Person","@id":"https:\/\/nonpeutetreproductions.com\/en\/#\/schema\/person\/e6f47723a6dd0564e8659e10a3508d9d","name":"Jean-Marc","image":{"@type":"ImageObject","inLanguage":"en-US","@id":"https:\/\/secure.gravatar.com\/avatar\/5a89228fd282eb9ee33a60b4ff06f9c31751866f1fb91ca56263af0968354113?s=96&d=mm&r=g","url":"https:\/\/secure.gravatar.com\/avatar\/5a89228fd282eb9ee33a60b4ff06f9c31751866f1fb91ca56263af0968354113?s=96&d=mm&r=g","contentUrl":"https:\/\/secure.gravatar.com\/avatar\/5a89228fd282eb9ee33a60b4ff06f9c31751866f1fb91ca56263af0968354113?s=96&d=mm&r=g","caption":"Jean-Marc"},"sameAs":["https:\/\/nonpeutetreproductions.com"],"url":"https:\/\/nonpeutetreproductions.com\/en\/author\/jean-marc\/"}]}},"_links":{"self":[{"href":"https:\/\/nonpeutetreproductions.com\/en\/wp-json\/wp\/v2\/posts\/2142","targetHints":{"allow":["GET"]}}],"collection":[{"href":"https:\/\/nonpeutetreproductions.com\/en\/wp-json\/wp\/v2\/posts"}],"about":[{"href":"https:\/\/nonpeutetreproductions.com\/en\/wp-json\/wp\/v2\/types\/post"}],"author":[{"embeddable":true,"href":"https:\/\/nonpeutetreproductions.com\/en\/wp-json\/wp\/v2\/users\/1"}],"replies":[{"embeddable":true,"href":"https:\/\/nonpeutetreproductions.com\/en\/wp-json\/wp\/v2\/comments?post=2142"}],"version-history":[{"count":4,"href":"https:\/\/nonpeutetreproductions.com\/en\/wp-json\/wp\/v2\/posts\/2142\/revisions"}],"predecessor-version":[{"id":3405,"href":"https:\/\/nonpeutetreproductions.com\/en\/wp-json\/wp\/v2\/posts\/2142\/revisions\/3405"}],"wp:featuredmedia":[{"embeddable":true,"href":"https:\/\/nonpeutetreproductions.com\/en\/wp-json\/wp\/v2\/media\/1920"}],"wp:attachment":[{"href":"https:\/\/nonpeutetreproductions.com\/en\/wp-json\/wp\/v2\/media?parent=2142"}],"wp:term":[{"taxonomy":"category","embeddable":true,"href":"https:\/\/nonpeutetreproductions.com\/en\/wp-json\/wp\/v2\/categories?post=2142"},{"taxonomy":"post_tag","embeddable":true,"href":"https:\/\/nonpeutetreproductions.com\/en\/wp-json\/wp\/v2\/tags?post=2142"}],"curies":[{"name":"wp","href":"https:\/\/api.w.org\/{rel}","templated":true}]}}