{"id":2148,"date":"2010-03-15T17:40:21","date_gmt":"2010-03-15T16:40:21","guid":{"rendered":"https:\/\/nonpeutetreproductions.com\/non-classifiee\/en-chantier-monsieur-tanner\/"},"modified":"2024-05-25T14:57:02","modified_gmt":"2024-05-25T12:57:02","slug":"en-chantier-monsieur-tanner","status":"publish","type":"post","link":"https:\/\/nonpeutetreproductions.com\/en\/filmography\/en-chantier-monsieur-tanner\/","title":{"rendered":"En chantier, monsieur Tanner !"},"content":{"rendered":"<p>[et_pb_section fb_built=&#8221;1&#8243; custom_padding_last_edited=&#8221;on|tablet&#8221; _builder_version=&#8221;4.24.3&#8243; _module_preset=&#8221;default&#8221; custom_padding=&#8221;60px||80px||false|false&#8221; custom_padding_tablet=&#8221;40px||||false|false&#8221; custom_padding_phone=&#8221;40px||||false|false&#8221; global_colors_info=&#8221;{}&#8221; use_background_color_gradient=&#8221;on&#8221; background_color_gradient_stops=&#8221;#0063b2 0%|#4080d3 100%&#8221;][et_pb_row custom_padding_last_edited=&#8221;on|tablet&#8221; _builder_version=&#8221;4.24.3&#8243; _module_preset=&#8221;default&#8221; custom_padding_tablet=&#8221;0px||||false|false&#8221; custom_padding_phone=&#8221;0px||||false|false&#8221; global_colors_info=&#8221;{}&#8221;][et_pb_column type=&#8221;4_4&#8243; _builder_version=&#8221;4.24.0&#8243; _module_preset=&#8221;default&#8221; global_colors_info=&#8221;{}&#8221;][et_pb_post_title meta=&#8221;off&#8221; featured_image=&#8221;off&#8221; _builder_version=&#8221;4.24.3&#8243; _module_preset=&#8221;default&#8221; title_font=&#8221;||||||||&#8221; title_text_align=&#8221;center&#8221; title_text_color=&#8221;#FDFFFC&#8221; title_font_size=&#8221;63px&#8221; title_font_size_tablet=&#8221;63px&#8221; title_font_size_phone=&#8221;45px&#8221; title_font_size_last_edited=&#8221;on|phone&#8221; title_line_height_tablet=&#8221;&#8221; title_line_height_phone=&#8221;&#8221; title_line_height_last_edited=&#8221;on|phone&#8221; global_colors_info=&#8221;{}&#8221;][\/et_pb_post_title][\/et_pb_column][\/et_pb_row][et_pb_row column_structure=&#8221;1_2,1_2&#8243; use_custom_gutter=&#8221;on&#8221; custom_padding_last_edited=&#8221;on|tablet&#8221; _builder_version=&#8221;4.24.3&#8243; _module_preset=&#8221;default&#8221; custom_padding=&#8221;60px||||false|false&#8221; custom_padding_tablet=&#8221;0px||||false|false&#8221; custom_padding_phone=&#8221;0px||||false|false&#8221; global_colors_info=&#8221;{}&#8221;][et_pb_column type=&#8221;1_2&#8243; _builder_version=&#8221;4.24.3&#8243; _module_preset=&#8221;default&#8221; global_colors_info=&#8221;{}&#8221;][et_pb_post_title title=&#8221;off&#8221; meta=&#8221;off&#8221; force_fullwidth=&#8221;off&#8221; image_width=&#8221;63%&#8221; admin_label=&#8221;Titre du poste (Image)&#8221; _builder_version=&#8221;4.24.3&#8243; _module_preset=&#8221;default&#8221; global_colors_info=&#8221;{}&#8221;][\/et_pb_post_title][\/et_pb_column][et_pb_column type=&#8221;1_2&#8243; _builder_version=&#8221;4.24.3&#8243; _module_preset=&#8221;default&#8221; global_colors_info=&#8221;{}&#8221;][et_pb_text module_id=&#8221;article-text&#8221; _builder_version=&#8221;4.25.0&#8243; _module_preset=&#8221;default&#8221; text_font=&#8221;|300|||||||&#8221; text_text_color=&#8221;#FDFFFC&#8221; header_2_font=&#8221;||||||||&#8221; header_2_text_color=&#8221;#FDFFFC&#8221; header_2_font_size=&#8221;30px&#8221; header_3_font=&#8221;|600|||||||&#8221; header_3_text_color=&#8221;#FDFFFC&#8221; custom_padding_tablet=&#8221;40px||||false|false&#8221; custom_padding_phone=&#8221;40px||||false|false&#8221; custom_padding_last_edited=&#8221;on|tablet&#8221; text_line_height_tablet=&#8221;&#8221; text_line_height_phone=&#8221;1.3em&#8221; text_line_height_last_edited=&#8221;on|phone&#8221; header_2_font_size_tablet=&#8221;30px&#8221; header_2_font_size_phone=&#8221;28px&#8221; header_2_font_size_last_edited=&#8221;on|phone&#8221; global_colors_info=&#8221;{}&#8221;]<\/p>\n<h2>A Stefan LIBERSKI TV movie<\/h2>\n<h3>With :<\/h3>\n<p>Jean-Paul Rouve (Paul Tanner), Annelise Hesme (Linda), Ludovic Berthillot (Pierre Sandre), Julien Courbey (Pedro Kantor)<\/p>\n<h3>Storyline :<\/h3>\n<p>Monsieur Tanner, is to reporter animalist. He inherits a manor. On the spot, it notes that the masonry is in bad condition and that work had already started. Already seeing itself gaining the estime of his parents, Paul decides to continue the restoration. But vis-a-vis his incapacity to enforce itself, the young man is quickly exceeded\u2026<\/p>\n<h3>Scenario :<\/h3>\n<p>Gabor Rassov based on the novel by Jean-Paul Dubois<\/p>\n<h3>Production :<\/h3>\n<p>Chic Films, Saga Film<\/p>\n<h3>Release date :<\/h3>\n<p>2010<\/p>\n<h3>Nationality :<\/h3>\n<p>France, Belgium<\/p>\n<h3>Type of movie :<\/h3>\n<p>Tv movie<\/p>\n<p>[\/et_pb_text][\/et_pb_column][\/et_pb_row][et_pb_row custom_padding_last_edited=&#8221;on|tablet&#8221; _builder_version=&#8221;4.24.3&#8243; _module_preset=&#8221;default&#8221; width=&#8221;60%&#8221; width_tablet=&#8221;80%&#8221; width_phone=&#8221;80%&#8221; width_last_edited=&#8221;on|tablet&#8221; module_alignment=&#8221;center&#8221; custom_padding=&#8221;80px||||false|false&#8221; custom_padding_tablet=&#8221;10px||||false|false&#8221; custom_padding_phone=&#8221;0px||||false|false&#8221; global_colors_info=&#8221;{}&#8221;][et_pb_column type=&#8221;4_4&#8243; _builder_version=&#8221;4.24.3&#8243; _module_preset=&#8221;default&#8221; global_colors_info=&#8221;{}&#8221;][et_pb_video src=&#8221;https:\/\/youtu.be\/w-Agw70a1u0?si=fE6fdXBmGKW-Iq2r&#8221; _builder_version=&#8221;4.24.3&#8243; _module_preset=&#8221;default&#8221; global_colors_info=&#8221;{}&#8221;][\/et_pb_video][\/et_pb_column][\/et_pb_row][et_pb_row custom_padding_last_edited=&#8221;on|tablet&#8221; _builder_version=&#8221;4.24.3&#8243; _module_preset=&#8221;default&#8221; custom_margin=&#8221;||||false|false&#8221; custom_padding=&#8221;80px||||false|false&#8221; custom_padding_tablet=&#8221;20px||||false|false&#8221; custom_padding_phone=&#8221;10px||||false|false&#8221; global_colors_info=&#8221;{}&#8221;][et_pb_column type=&#8221;4_4&#8243; _builder_version=&#8221;4.24.3&#8243; _module_preset=&#8221;default&#8221; global_colors_info=&#8221;{}&#8221;][et_pb_gallery gallery_ids=&#8221;1294,1295,1296,1297,1298&#8243; gallery_orderby=&#8221;rand&#8221; posts_number=&#8221;15&#8243; show_title_and_caption=&#8221;off&#8221; zoom_icon_color=&#8221;#FDFFFC&#8221; hover_overlay_color=&#8221;rgba(2,1,0,0.52)&#8221; _builder_version=&#8221;4.24.3&#8243; _module_preset=&#8221;default&#8221; border_width_all_image=&#8221;5px&#8221; border_color_all_image=&#8221;RGBA(255,255,255,0)&#8221; border_width_all_image_tablet=&#8221;5px&#8221; border_width_all_image_phone=&#8221;0px&#8221; border_width_all_image_last_edited=&#8221;on|phone&#8221; border_width_bottom_image_tablet=&#8221;&#8221; border_width_bottom_image_phone=&#8221;10px&#8221; border_width_bottom_image_last_edited=&#8221;on|phone&#8221; global_colors_info=&#8221;{}&#8221;][\/et_pb_gallery][\/et_pb_column][\/et_pb_row][et_pb_row column_structure=&#8221;1_3,1_3,1_3&#8243; custom_padding_last_edited=&#8221;on|tablet&#8221; _builder_version=&#8221;4.24.3&#8243; _module_preset=&#8221;default&#8221; custom_padding=&#8221;80px||||false|false&#8221; custom_padding_tablet=&#8221;20px||||false|false&#8221; custom_padding_phone=&#8221;0px||||false|false&#8221; global_colors_info=&#8221;{}&#8221;][et_pb_column type=&#8221;1_3&#8243; _builder_version=&#8221;4.24.3&#8243; _module_preset=&#8221;default&#8221; global_colors_info=&#8221;{}&#8221;][et_pb_image src=&#8221;https:\/\/nonpeutetreproductions.com\/wp-content\/uploads\/2024\/04\/logo_IMDb.png&#8221; alt=&#8221;Logo IMDb&#8221; title_text=&#8221;Logo IMDb&#8221; url=&#8221;http:\/\/www.imdb.com\/title\/tt1576484\/?ref_=nm_flmg_pmgr_16&#8243; url_new_window=&#8221;on&#8221; _builder_version=&#8221;4.24.3&#8243; _module_preset=&#8221;default&#8221; global_colors_info=&#8221;{}&#8221; transform_styles__hover_enabled=&#8221;on|hover&#8221; transform_scale__hover_enabled=&#8221;on|desktop&#8221; transform_translate__hover=&#8221;0px|-7px&#8221; transform_translate__hover_enabled=&#8221;on|hover&#8221; transform_rotate__hover_enabled=&#8221;on|desktop&#8221; transform_skew__hover_enabled=&#8221;on|desktop&#8221; transform_origin__hover_enabled=&#8221;on|desktop&#8221;][\/et_pb_image][\/et_pb_column][et_pb_column type=&#8221;1_3&#8243; _builder_version=&#8221;4.24.3&#8243; _module_preset=&#8221;default&#8221; global_colors_info=&#8221;{}&#8221;][\/et_pb_column][et_pb_column type=&#8221;1_3&#8243; _builder_version=&#8221;4.24.3&#8243; _module_preset=&#8221;default&#8221; global_colors_info=&#8221;{}&#8221;][\/et_pb_column][\/et_pb_row][\/et_pb_section]<\/p>\n","protected":false},"excerpt":{"rendered":"<p>A Stefan LIBERSKI TV movie With : Jean-Paul Rouve (Paul Tanner), Annelise Hesme (Linda), Ludovic Berthillot (Pierre Sandre), Julien Courbey (Pedro Kantor) Storyline : Monsieur Tanner, is to reporter animalist. He inherits a manor. On the spot, it notes that the masonry is in bad condition and that work had already started. Already seeing itself [&hellip;]<\/p>\n","protected":false},"author":1,"featured_media":1954,"comment_status":"closed","ping_status":"closed","sticky":false,"template":"","format":"standard","meta":{"_et_pb_use_builder":"on","_et_pb_old_content":"","_et_gb_content_width":"","footnotes":""},"categories":[20,22],"tags":[],"class_list":["post-2148","post","type-post","status-publish","format-standard","has-post-thumbnail","hentry","category-filmography","category-production-manager"],"yoast_head":"<!-- This site is optimized with the Yoast SEO plugin v27.5 - https:\/\/yoast.com\/product\/yoast-seo-wordpress\/ -->\n<title>En chantier, monsieur Tanner ! - Non Peut-\u00catre Productions - Marc Dalmans<\/title>\n<meta name=\"description\" content=\"En chantier, monsieur Tanner, a Stefan LIBERSKI film.. With : Jean-Paul Rouve, Annelise Hesme, Ludovic Berthillot, Julien Courbey\" \/>\n<meta name=\"robots\" content=\"index, follow, max-snippet:-1, max-image-preview:large, max-video-preview:-1\" \/>\n<link rel=\"canonical\" href=\"https:\/\/nonpeutetreproductions.com\/en\/filmography\/en-chantier-monsieur-tanner\/\" \/>\n<meta property=\"og:locale\" content=\"en_US\" \/>\n<meta property=\"og:type\" content=\"article\" \/>\n<meta property=\"og:title\" content=\"En chantier, monsieur Tanner ! - Non Peut-\u00catre Productions - Marc Dalmans\" \/>\n<meta property=\"og:description\" content=\"En chantier, monsieur Tanner, a Stefan LIBERSKI film.. With : Jean-Paul Rouve, Annelise Hesme, Ludovic Berthillot, Julien Courbey\" \/>\n<meta property=\"og:url\" content=\"https:\/\/nonpeutetreproductions.com\/en\/filmography\/en-chantier-monsieur-tanner\/\" \/>\n<meta property=\"og:site_name\" content=\"Non Peut-\u00catre Productions - Marc Dalmans\" \/>\n<meta property=\"article:published_time\" content=\"2010-03-15T16:40:21+00:00\" \/>\n<meta property=\"article:modified_time\" content=\"2024-05-25T12:57:02+00:00\" \/>\n<meta property=\"og:image\" content=\"https:\/\/nonpeutetreproductions.com\/wp-content\/uploads\/2024\/04\/affiche-En-chantier-Monsieur-Tanner.jpg\" \/>\n\t<meta property=\"og:image:width\" content=\"900\" \/>\n\t<meta property=\"og:image:height\" content=\"1200\" \/>\n\t<meta property=\"og:image:type\" content=\"image\/jpeg\" \/>\n<meta name=\"author\" content=\"Jean-Marc\" \/>\n<meta name=\"twitter:card\" content=\"summary_large_image\" \/>\n<meta name=\"twitter:label1\" content=\"Written by\" \/>\n\t<meta name=\"twitter:data1\" content=\"Jean-Marc\" \/>\n\t<meta name=\"twitter:label2\" content=\"Est. reading time\" \/>\n\t<meta name=\"twitter:data2\" content=\"2 minutes\" \/>\n<script type=\"application\/ld+json\" class=\"yoast-schema-graph\">{\"@context\":\"https:\\\/\\\/schema.org\",\"@graph\":[{\"@type\":\"Article\",\"@id\":\"https:\\\/\\\/nonpeutetreproductions.com\\\/en\\\/filmography\\\/en-chantier-monsieur-tanner\\\/#article\",\"isPartOf\":{\"@id\":\"https:\\\/\\\/nonpeutetreproductions.com\\\/en\\\/filmography\\\/en-chantier-monsieur-tanner\\\/\"},\"author\":{\"name\":\"Jean-Marc\",\"@id\":\"https:\\\/\\\/nonpeutetreproductions.com\\\/en\\\/#\\\/schema\\\/person\\\/e6f47723a6dd0564e8659e10a3508d9d\"},\"headline\":\"En chantier, monsieur Tanner !\",\"datePublished\":\"2010-03-15T16:40:21+00:00\",\"dateModified\":\"2024-05-25T12:57:02+00:00\",\"mainEntityOfPage\":{\"@id\":\"https:\\\/\\\/nonpeutetreproductions.com\\\/en\\\/filmography\\\/en-chantier-monsieur-tanner\\\/\"},\"wordCount\":866,\"publisher\":{\"@id\":\"https:\\\/\\\/nonpeutetreproductions.com\\\/en\\\/#organization\"},\"image\":{\"@id\":\"https:\\\/\\\/nonpeutetreproductions.com\\\/en\\\/filmography\\\/en-chantier-monsieur-tanner\\\/#primaryimage\"},\"thumbnailUrl\":\"https:\\\/\\\/nonpeutetreproductions.com\\\/wp-content\\\/uploads\\\/2024\\\/04\\\/affiche-En-chantier-Monsieur-Tanner.jpg\",\"articleSection\":[\"Filmography\",\"Production Manager\"],\"inLanguage\":\"en-US\"},{\"@type\":\"WebPage\",\"@id\":\"https:\\\/\\\/nonpeutetreproductions.com\\\/en\\\/filmography\\\/en-chantier-monsieur-tanner\\\/\",\"url\":\"https:\\\/\\\/nonpeutetreproductions.com\\\/en\\\/filmography\\\/en-chantier-monsieur-tanner\\\/\",\"name\":\"En chantier, monsieur Tanner ! - Non Peut-\u00catre Productions - Marc Dalmans\",\"isPartOf\":{\"@id\":\"https:\\\/\\\/nonpeutetreproductions.com\\\/en\\\/#website\"},\"primaryImageOfPage\":{\"@id\":\"https:\\\/\\\/nonpeutetreproductions.com\\\/en\\\/filmography\\\/en-chantier-monsieur-tanner\\\/#primaryimage\"},\"image\":{\"@id\":\"https:\\\/\\\/nonpeutetreproductions.com\\\/en\\\/filmography\\\/en-chantier-monsieur-tanner\\\/#primaryimage\"},\"thumbnailUrl\":\"https:\\\/\\\/nonpeutetreproductions.com\\\/wp-content\\\/uploads\\\/2024\\\/04\\\/affiche-En-chantier-Monsieur-Tanner.jpg\",\"datePublished\":\"2010-03-15T16:40:21+00:00\",\"dateModified\":\"2024-05-25T12:57:02+00:00\",\"description\":\"En chantier, monsieur Tanner, a Stefan LIBERSKI film.. With : Jean-Paul Rouve, Annelise Hesme, Ludovic Berthillot, Julien Courbey\",\"breadcrumb\":{\"@id\":\"https:\\\/\\\/nonpeutetreproductions.com\\\/en\\\/filmography\\\/en-chantier-monsieur-tanner\\\/#breadcrumb\"},\"inLanguage\":\"en-US\",\"potentialAction\":[{\"@type\":\"ReadAction\",\"target\":[\"https:\\\/\\\/nonpeutetreproductions.com\\\/en\\\/filmography\\\/en-chantier-monsieur-tanner\\\/\"]}]},{\"@type\":\"ImageObject\",\"inLanguage\":\"en-US\",\"@id\":\"https:\\\/\\\/nonpeutetreproductions.com\\\/en\\\/filmography\\\/en-chantier-monsieur-tanner\\\/#primaryimage\",\"url\":\"https:\\\/\\\/nonpeutetreproductions.com\\\/wp-content\\\/uploads\\\/2024\\\/04\\\/affiche-En-chantier-Monsieur-Tanner.jpg\",\"contentUrl\":\"https:\\\/\\\/nonpeutetreproductions.com\\\/wp-content\\\/uploads\\\/2024\\\/04\\\/affiche-En-chantier-Monsieur-Tanner.jpg\",\"width\":900,\"height\":1200},{\"@type\":\"BreadcrumbList\",\"@id\":\"https:\\\/\\\/nonpeutetreproductions.com\\\/en\\\/filmography\\\/en-chantier-monsieur-tanner\\\/#breadcrumb\",\"itemListElement\":[{\"@type\":\"ListItem\",\"position\":1,\"name\":\"Accueil\",\"item\":\"https:\\\/\\\/nonpeutetreproductions.com\\\/en\\\/\"},{\"@type\":\"ListItem\",\"position\":2,\"name\":\"En chantier, monsieur Tanner !\"}]},{\"@type\":\"WebSite\",\"@id\":\"https:\\\/\\\/nonpeutetreproductions.com\\\/en\\\/#website\",\"url\":\"https:\\\/\\\/nonpeutetreproductions.com\\\/en\\\/\",\"name\":\"Non Peut-\u00catre Productions - Marc Dalmans\",\"description\":\"Directeur de production, R\u00e9gisseur g\u00e9n\u00e9ral, Producteur ex\u00e9cutif, R\u00e9alisateur\",\"publisher\":{\"@id\":\"https:\\\/\\\/nonpeutetreproductions.com\\\/en\\\/#organization\"},\"alternateName\":\"Marc Dalmans, directeur de production, r\u00e9gisseur g\u00e9n\u00e9ral, producteur ex\u00e9cutif, r\u00e9alisateur\",\"potentialAction\":[{\"@type\":\"SearchAction\",\"target\":{\"@type\":\"EntryPoint\",\"urlTemplate\":\"https:\\\/\\\/nonpeutetreproductions.com\\\/en\\\/?s={search_term_string}\"},\"query-input\":{\"@type\":\"PropertyValueSpecification\",\"valueRequired\":true,\"valueName\":\"search_term_string\"}}],\"inLanguage\":\"en-US\"},{\"@type\":\"Organization\",\"@id\":\"https:\\\/\\\/nonpeutetreproductions.com\\\/en\\\/#organization\",\"name\":\"Non Peut-\u00catre Productions - Marc Dalmans\",\"url\":\"https:\\\/\\\/nonpeutetreproductions.com\\\/en\\\/\",\"logo\":{\"@type\":\"ImageObject\",\"inLanguage\":\"en-US\",\"@id\":\"https:\\\/\\\/nonpeutetreproductions.com\\\/en\\\/#\\\/schema\\\/logo\\\/image\\\/\",\"url\":\"https:\\\/\\\/nonpeutetreproductions.com\\\/wp-content\\\/uploads\\\/2024\\\/04\\\/favicon.jpg\",\"contentUrl\":\"https:\\\/\\\/nonpeutetreproductions.com\\\/wp-content\\\/uploads\\\/2024\\\/04\\\/favicon.jpg\",\"width\":512,\"height\":512,\"caption\":\"Non Peut-\u00catre Productions - Marc Dalmans\"},\"image\":{\"@id\":\"https:\\\/\\\/nonpeutetreproductions.com\\\/en\\\/#\\\/schema\\\/logo\\\/image\\\/\"}},{\"@type\":\"Person\",\"@id\":\"https:\\\/\\\/nonpeutetreproductions.com\\\/en\\\/#\\\/schema\\\/person\\\/e6f47723a6dd0564e8659e10a3508d9d\",\"name\":\"Jean-Marc\",\"image\":{\"@type\":\"ImageObject\",\"inLanguage\":\"en-US\",\"@id\":\"https:\\\/\\\/secure.gravatar.com\\\/avatar\\\/5a89228fd282eb9ee33a60b4ff06f9c31751866f1fb91ca56263af0968354113?s=96&d=mm&r=g\",\"url\":\"https:\\\/\\\/secure.gravatar.com\\\/avatar\\\/5a89228fd282eb9ee33a60b4ff06f9c31751866f1fb91ca56263af0968354113?s=96&d=mm&r=g\",\"contentUrl\":\"https:\\\/\\\/secure.gravatar.com\\\/avatar\\\/5a89228fd282eb9ee33a60b4ff06f9c31751866f1fb91ca56263af0968354113?s=96&d=mm&r=g\",\"caption\":\"Jean-Marc\"},\"sameAs\":[\"https:\\\/\\\/nonpeutetreproductions.com\"],\"url\":\"https:\\\/\\\/nonpeutetreproductions.com\\\/en\\\/author\\\/jean-marc\\\/\"}]}<\/script>\n<!-- \/ Yoast SEO plugin. -->","yoast_head_json":{"title":"En chantier, monsieur Tanner ! - Non Peut-\u00catre Productions - Marc Dalmans","description":"En chantier, monsieur Tanner, a Stefan LIBERSKI film.. With : Jean-Paul Rouve, Annelise Hesme, Ludovic Berthillot, Julien Courbey","robots":{"index":"index","follow":"follow","max-snippet":"max-snippet:-1","max-image-preview":"max-image-preview:large","max-video-preview":"max-video-preview:-1"},"canonical":"https:\/\/nonpeutetreproductions.com\/en\/filmography\/en-chantier-monsieur-tanner\/","og_locale":"en_US","og_type":"article","og_title":"En chantier, monsieur Tanner ! - Non Peut-\u00catre Productions - Marc Dalmans","og_description":"En chantier, monsieur Tanner, a Stefan LIBERSKI film.. With : Jean-Paul Rouve, Annelise Hesme, Ludovic Berthillot, Julien Courbey","og_url":"https:\/\/nonpeutetreproductions.com\/en\/filmography\/en-chantier-monsieur-tanner\/","og_site_name":"Non Peut-\u00catre Productions - Marc Dalmans","article_published_time":"2010-03-15T16:40:21+00:00","article_modified_time":"2024-05-25T12:57:02+00:00","og_image":[{"width":900,"height":1200,"url":"https:\/\/nonpeutetreproductions.com\/wp-content\/uploads\/2024\/04\/affiche-En-chantier-Monsieur-Tanner.jpg","type":"image\/jpeg"}],"author":"Jean-Marc","twitter_card":"summary_large_image","twitter_misc":{"Written by":"Jean-Marc","Est. reading time":"2 minutes"},"schema":{"@context":"https:\/\/schema.org","@graph":[{"@type":"Article","@id":"https:\/\/nonpeutetreproductions.com\/en\/filmography\/en-chantier-monsieur-tanner\/#article","isPartOf":{"@id":"https:\/\/nonpeutetreproductions.com\/en\/filmography\/en-chantier-monsieur-tanner\/"},"author":{"name":"Jean-Marc","@id":"https:\/\/nonpeutetreproductions.com\/en\/#\/schema\/person\/e6f47723a6dd0564e8659e10a3508d9d"},"headline":"En chantier, monsieur Tanner !","datePublished":"2010-03-15T16:40:21+00:00","dateModified":"2024-05-25T12:57:02+00:00","mainEntityOfPage":{"@id":"https:\/\/nonpeutetreproductions.com\/en\/filmography\/en-chantier-monsieur-tanner\/"},"wordCount":866,"publisher":{"@id":"https:\/\/nonpeutetreproductions.com\/en\/#organization"},"image":{"@id":"https:\/\/nonpeutetreproductions.com\/en\/filmography\/en-chantier-monsieur-tanner\/#primaryimage"},"thumbnailUrl":"https:\/\/nonpeutetreproductions.com\/wp-content\/uploads\/2024\/04\/affiche-En-chantier-Monsieur-Tanner.jpg","articleSection":["Filmography","Production Manager"],"inLanguage":"en-US"},{"@type":"WebPage","@id":"https:\/\/nonpeutetreproductions.com\/en\/filmography\/en-chantier-monsieur-tanner\/","url":"https:\/\/nonpeutetreproductions.com\/en\/filmography\/en-chantier-monsieur-tanner\/","name":"En chantier, monsieur Tanner ! - Non Peut-\u00catre Productions - Marc Dalmans","isPartOf":{"@id":"https:\/\/nonpeutetreproductions.com\/en\/#website"},"primaryImageOfPage":{"@id":"https:\/\/nonpeutetreproductions.com\/en\/filmography\/en-chantier-monsieur-tanner\/#primaryimage"},"image":{"@id":"https:\/\/nonpeutetreproductions.com\/en\/filmography\/en-chantier-monsieur-tanner\/#primaryimage"},"thumbnailUrl":"https:\/\/nonpeutetreproductions.com\/wp-content\/uploads\/2024\/04\/affiche-En-chantier-Monsieur-Tanner.jpg","datePublished":"2010-03-15T16:40:21+00:00","dateModified":"2024-05-25T12:57:02+00:00","description":"En chantier, monsieur Tanner, a Stefan LIBERSKI film.. With : Jean-Paul Rouve, Annelise Hesme, Ludovic Berthillot, Julien Courbey","breadcrumb":{"@id":"https:\/\/nonpeutetreproductions.com\/en\/filmography\/en-chantier-monsieur-tanner\/#breadcrumb"},"inLanguage":"en-US","potentialAction":[{"@type":"ReadAction","target":["https:\/\/nonpeutetreproductions.com\/en\/filmography\/en-chantier-monsieur-tanner\/"]}]},{"@type":"ImageObject","inLanguage":"en-US","@id":"https:\/\/nonpeutetreproductions.com\/en\/filmography\/en-chantier-monsieur-tanner\/#primaryimage","url":"https:\/\/nonpeutetreproductions.com\/wp-content\/uploads\/2024\/04\/affiche-En-chantier-Monsieur-Tanner.jpg","contentUrl":"https:\/\/nonpeutetreproductions.com\/wp-content\/uploads\/2024\/04\/affiche-En-chantier-Monsieur-Tanner.jpg","width":900,"height":1200},{"@type":"BreadcrumbList","@id":"https:\/\/nonpeutetreproductions.com\/en\/filmography\/en-chantier-monsieur-tanner\/#breadcrumb","itemListElement":[{"@type":"ListItem","position":1,"name":"Accueil","item":"https:\/\/nonpeutetreproductions.com\/en\/"},{"@type":"ListItem","position":2,"name":"En chantier, monsieur Tanner !"}]},{"@type":"WebSite","@id":"https:\/\/nonpeutetreproductions.com\/en\/#website","url":"https:\/\/nonpeutetreproductions.com\/en\/","name":"Non Peut-\u00catre Productions - Marc Dalmans","description":"Directeur de production, R\u00e9gisseur g\u00e9n\u00e9ral, Producteur ex\u00e9cutif, R\u00e9alisateur","publisher":{"@id":"https:\/\/nonpeutetreproductions.com\/en\/#organization"},"alternateName":"Marc Dalmans, directeur de production, r\u00e9gisseur g\u00e9n\u00e9ral, producteur ex\u00e9cutif, r\u00e9alisateur","potentialAction":[{"@type":"SearchAction","target":{"@type":"EntryPoint","urlTemplate":"https:\/\/nonpeutetreproductions.com\/en\/?s={search_term_string}"},"query-input":{"@type":"PropertyValueSpecification","valueRequired":true,"valueName":"search_term_string"}}],"inLanguage":"en-US"},{"@type":"Organization","@id":"https:\/\/nonpeutetreproductions.com\/en\/#organization","name":"Non Peut-\u00catre Productions - Marc Dalmans","url":"https:\/\/nonpeutetreproductions.com\/en\/","logo":{"@type":"ImageObject","inLanguage":"en-US","@id":"https:\/\/nonpeutetreproductions.com\/en\/#\/schema\/logo\/image\/","url":"https:\/\/nonpeutetreproductions.com\/wp-content\/uploads\/2024\/04\/favicon.jpg","contentUrl":"https:\/\/nonpeutetreproductions.com\/wp-content\/uploads\/2024\/04\/favicon.jpg","width":512,"height":512,"caption":"Non Peut-\u00catre Productions - Marc Dalmans"},"image":{"@id":"https:\/\/nonpeutetreproductions.com\/en\/#\/schema\/logo\/image\/"}},{"@type":"Person","@id":"https:\/\/nonpeutetreproductions.com\/en\/#\/schema\/person\/e6f47723a6dd0564e8659e10a3508d9d","name":"Jean-Marc","image":{"@type":"ImageObject","inLanguage":"en-US","@id":"https:\/\/secure.gravatar.com\/avatar\/5a89228fd282eb9ee33a60b4ff06f9c31751866f1fb91ca56263af0968354113?s=96&d=mm&r=g","url":"https:\/\/secure.gravatar.com\/avatar\/5a89228fd282eb9ee33a60b4ff06f9c31751866f1fb91ca56263af0968354113?s=96&d=mm&r=g","contentUrl":"https:\/\/secure.gravatar.com\/avatar\/5a89228fd282eb9ee33a60b4ff06f9c31751866f1fb91ca56263af0968354113?s=96&d=mm&r=g","caption":"Jean-Marc"},"sameAs":["https:\/\/nonpeutetreproductions.com"],"url":"https:\/\/nonpeutetreproductions.com\/en\/author\/jean-marc\/"}]}},"_links":{"self":[{"href":"https:\/\/nonpeutetreproductions.com\/en\/wp-json\/wp\/v2\/posts\/2148","targetHints":{"allow":["GET"]}}],"collection":[{"href":"https:\/\/nonpeutetreproductions.com\/en\/wp-json\/wp\/v2\/posts"}],"about":[{"href":"https:\/\/nonpeutetreproductions.com\/en\/wp-json\/wp\/v2\/types\/post"}],"author":[{"embeddable":true,"href":"https:\/\/nonpeutetreproductions.com\/en\/wp-json\/wp\/v2\/users\/1"}],"replies":[{"embeddable":true,"href":"https:\/\/nonpeutetreproductions.com\/en\/wp-json\/wp\/v2\/comments?post=2148"}],"version-history":[{"count":1,"href":"https:\/\/nonpeutetreproductions.com\/en\/wp-json\/wp\/v2\/posts\/2148\/revisions"}],"predecessor-version":[{"id":3460,"href":"https:\/\/nonpeutetreproductions.com\/en\/wp-json\/wp\/v2\/posts\/2148\/revisions\/3460"}],"wp:featuredmedia":[{"embeddable":true,"href":"https:\/\/nonpeutetreproductions.com\/en\/wp-json\/wp\/v2\/media\/1954"}],"wp:attachment":[{"href":"https:\/\/nonpeutetreproductions.com\/en\/wp-json\/wp\/v2\/media?parent=2148"}],"wp:term":[{"taxonomy":"category","embeddable":true,"href":"https:\/\/nonpeutetreproductions.com\/en\/wp-json\/wp\/v2\/categories?post=2148"},{"taxonomy":"post_tag","embeddable":true,"href":"https:\/\/nonpeutetreproductions.com\/en\/wp-json\/wp\/v2\/tags?post=2148"}],"curies":[{"name":"wp","href":"https:\/\/api.w.org\/{rel}","templated":true}]}}